{"id":121,"date":"2020-03-17T06:44:06","date_gmt":"2020-03-17T06:44:06","guid":{"rendered":"http:\/\/www.abogadosdelachica.com\/blog\/?p=121"},"modified":"2020-03-17T06:47:06","modified_gmt":"2020-03-17T06:47:06","slug":"121-2","status":"publish","type":"post","link":"https:\/\/www.abogadosdelachica.com\/blog\/121-2\/","title":{"rendered":"\u00bfQu\u00e9 ocurre si no obedezco a la autoridad competente en el estado de alarma?"},"content":{"rendered":"<p>Como sabemos, la publicaci\u00f3n del RD463\/2020, de 14 de marzo, por el que se declara <strong>el estado de alarma<\/strong> para la gesti\u00f3n de la situaci\u00f3n de crisis sanitaria ocasionada por\u00a0 el COVID 19, <strong>establece una serie de limitaciones para la libertad de circulaci\u00f3n de las personas<\/strong>, fijadas en su art\u00edculo 7.<!--more--><\/p>\n<p>Las m\u00faltiples consultas realizadas a este despacho sobre las repercusiones que tendr\u00eda un eventual incumplimiento de dicho\u00a0 RD nos ha llevado a escribir el presente art\u00edculo, para que sirvan de gu\u00eda a clientes y usuarios de internet<\/p>\n<p>&nbsp;<\/p>\n<p>Es el art\u00edculo 20 del Real Decreto el que establece el r\u00e9gimen sancionador, remiti\u00e9ndose a la Ley Org\u00e1nica 4\/81, de 1 de junio. Las resumimos:<\/p>\n<p>&#8211;<strong>Eliminar la delimitaci\u00f3n de per\u00edmetros de seguridad<\/strong> (art. 37.15 LO 4\/15 de Protecci\u00f3n de la Seguridad Ciudadana): <strong>multa de 100-600\u20ac<\/strong><\/p>\n<p>&#8211;<strong>Desobedecer o resistirse a la autoridad<\/strong> o sus agentes, o negarse a identificarse (art. 36.6 LO 4\/15): <strong>multa de 601 a 30.000 \u20ac<\/strong><\/p>\n<p>&#8211;<strong>Conductas u omisiones que puedan producir riesgo o da\u00f1o grave para la salud de la poblaci\u00f3n<\/strong>,\u00a0 as\u00ed como el incumplimiento reiterado de las instrucciones de la autoridad competente: <strong>multa desde los 3.001 \u20ac hasta los 600.000 \u20ac.<\/strong> Art\u00edculo 57 2 a) y b) de la Ley 33\/11 General de Salud P\u00fablica.<\/p>\n<p>&#8211;<strong>El incumplimiento de las \u00f3rdenes, prohibiciones, instrucciones<\/strong> o requerimientos efectuados por los titulares de los \u00f3rganos competentes o los miembros de los servicios de intervenci\u00f3n y asistencia. En este caso, regulado en la ley 17\/2015 del Sistema Nacional de Protecci\u00f3n Civil, la multa podr\u00eda oscilar <strong>entre los 1.501 y los 600.000 \u20ac<\/strong>, pudiendo considerarse tanto infracci\u00f3n grave como muy grave.<\/p>\n<p>-Por \u00faltimo, no debemos olvidar que adem\u00e1s <strong>podemos cometer un delito<\/strong>, siendo de aplicaci\u00f3n el C\u00f3digo\u00a0 Penal, que establece <strong>penas de prisi\u00f3n de tres meses a un a\u00f1o, o una multa de seis a dieciocho meses, para los que se resistan o desobedezcan gravemente a la autoridad o sus agentes <\/strong>en el ejercicio de sus funciones, as\u00ed como al personal de seguridad privada, siempre que est\u00e9 debidamente identificado y desarrolle actividades de seguridad privada en cooperaci\u00f3n y bajo el mando de las Fuerzas y Cuerpos de Seguridad.<\/p>\n<p>Si precis\u00e1is informaci\u00f3n complementaria, no dud\u00e9is en contactar con nosotros.<\/p>\n<p>Fernando de la Chica<\/p>\n<p>&nbsp;<\/p>\n<p>#AbogadosDeLaChica<\/p>\n","protected":false},"excerpt":{"rendered":"<p>Como sabemos, la publicaci\u00f3n del RD463\/2020, de 14 de marzo, por el que se declara el estado de alarma para la gesti\u00f3n de la situaci\u00f3n de crisis sanitaria ocasionada por\u00a0 el COVID 19, establece una serie de limitaciones para la libertad de circulaci\u00f3n de las personas, fijadas en su art\u00edculo 7.<\/p>\n","protected":false},"author":2,"featured_media":126,"comment_status":"open","ping_status":"open","sticky":false,"template":"","format":"standard","meta":{"footnotes":""},"categories":[1],"tags":[2,25,58,20,59],"class_list":["post-121","post","type-post","status-publish","format-standard","has-post-thumbnail","hentry","category-sin-categoria","tag-abogados","tag-abogados-de-la-chica","tag-estado-de-alarma","tag-jaen","tag-multas"],"_links":{"self":[{"href":"https:\/\/www.abogadosdelachica.com\/blog\/wp-json\/wp\/v2\/posts\/121","targetHints":{"allow":["GET"]}}],"collection":[{"href":"https:\/\/www.abogadosdelachica.com\/blog\/wp-json\/wp\/v2\/posts"}],"about":[{"href":"https:\/\/www.abogadosdelachica.com\/blog\/wp-json\/wp\/v2\/types\/post"}],"author":[{"embeddable":true,"href":"https:\/\/www.abogadosdelachica.com\/blog\/wp-json\/wp\/v2\/users\/2"}],"replies":[{"embeddable":true,"href":"https:\/\/www.abogadosdelachica.com\/blog\/wp-json\/wp\/v2\/comments?post=121"}],"version-history":[{"count":3,"href":"https:\/\/www.abogadosdelachica.com\/blog\/wp-json\/wp\/v2\/posts\/121\/revisions"}],"predecessor-version":[{"id":125,"href":"https:\/\/www.abogadosdelachica.com\/blog\/wp-json\/wp\/v2\/posts\/121\/revisions\/125"}],"wp:featuredmedia":[{"embeddable":true,"href":"https:\/\/www.abogadosdelachica.com\/blog\/wp-json\/wp\/v2\/media\/126"}],"wp:attachment":[{"href":"https:\/\/www.abogadosdelachica.com\/blog\/wp-json\/wp\/v2\/media?parent=121"}],"wp:term":[{"taxonomy":"category","embeddable":true,"href":"https:\/\/www.abogadosdelachica.com\/blog\/wp-json\/wp\/v2\/categories?post=121"},{"taxonomy":"post_tag","embeddable":true,"href":"https:\/\/www.abogadosdelachica.com\/blog\/wp-json\/wp\/v2\/tags?post=121"}],"curies":[{"name":"wp","href":"https:\/\/api.w.org\/{rel}","templated":true}]}}