{"id":139,"date":"2020-03-30T14:08:12","date_gmt":"2020-03-30T14:08:12","guid":{"rendered":"http:\/\/www.abogadosdelachica.com\/blog\/?p=139"},"modified":"2020-03-30T14:08:12","modified_gmt":"2020-03-30T14:08:12","slug":"puede-ser-necesario-el-estado-de-excepcion-en-el-caso-de-que-fracase-el-estado-de-alarma","status":"publish","type":"post","link":"https:\/\/www.abogadosdelachica.com\/blog\/puede-ser-necesario-el-estado-de-excepcion-en-el-caso-de-que-fracase-el-estado-de-alarma\/","title":{"rendered":"\u00bfPuede ser necesario el estado de excepci\u00f3n en el caso de que fracase el estado de alarma?"},"content":{"rendered":"<p>Como ya sabemos, el pasado d\u00eda 14 de marzo se aprob\u00f3 el Real Decreto 463\/2020, por el que se declara el estado de alarma para la gesti\u00f3n de la situaci\u00f3n de crisis sanitaria ocasionada por el COVID-19.\u00a0 Todo esto se llev\u00f3 a cabo con el fin de que la sociedad cumpliera en la medida de lo posible con el confinamiento en sus domicilios para frenar los contagios.<!--more--><\/p>\n<p>Al d\u00eda de hoy, seguramente tenemos bastante claras las medidas a tomar, as\u00ed como las ampliaciones y modificaciones que el Gobierno est\u00e1 realizando al respecto y que gran mayor\u00eda de nuestra sociedad est\u00e1 cumpliendo en su totalidad.<\/p>\n<p>Ahora bien, \u00bfqu\u00e9 pasar\u00eda en el caso de que el estado de alarma fracase y los contagios masivos sigan haciendo ascender la curva? \u00bfCu\u00e1l ser\u00eda la siguiente medida al estado de alarma que el Gobierno podr\u00eda adoptar?<\/p>\n<p>Espa\u00f1a, por desgracia, es uno de los pa\u00edses que m\u00e1s est\u00e1 sufriendo las consecuencias de la enfermedad. Los casos de infectados crecen de manera exponencial y, aunque se espera que con las medidas adoptadas poco a poco vayamos saliendo de la situaci\u00f3n, no hay que olvidar que, si se complica m\u00e1s la situaci\u00f3n, el gobierno podr\u00eda decretar el siguiente nivel e implantar en Espa\u00f1a el estado de EXCEPCI\u00d3N.<\/p>\n<p>En este art\u00edculo, queremos daros algunos detalles de en qu\u00e9 consiste el estado de excepci\u00f3n y en qu\u00e9 limitar\u00eda a\u00fan m\u00e1s nuestra forma de vivir. \u00a0Pero antes de daros a conocer toda la informaci\u00f3n, nos gustar\u00eda dejar claro desde Abogados de la Chica que no queremos crear ninguna alarma social, todo lo contrario. Si tomamos medidas y respetamos el estado de alarma, conseguiremos salir todos juntos de esta situaci\u00f3n tan triste y, de esta manera, no obligaremos al estado a tomar medidas a\u00fan m\u00e1s dr\u00e1sticas.<\/p>\n<p><strong>\u00bfQu\u00e9 es el ESTADO DE EXPCECI\u00d3N? <\/strong><\/p>\n<p>Los\u00a0<strong>estados de excepci\u00f3n,<\/strong>\u00a0a rasgos generales, son medidas extraordinarias que se toman durante periodos de disturbio o de zozobra a juicio de un Gobierno. En este caso, se llevar\u00eda a cabo de no cumplir los ciudadanos con el estado de alarma, lo que, para tranquilidad de todos, se presenta altamente improbable.<\/p>\n<p><strong>Puntos principales del estado de excepci\u00f3n<\/strong><\/p>\n<p><strong>\u00a0<\/strong>-La declaraci\u00f3n del estado de excepci\u00f3n no interrumpe el normal funcionamiento de los poderes constitucionales del Estado.<\/p>\n<p>-La autoridad gubernativa podr\u00e1\u00a0<strong>detener a cualquier persona si lo considera necesario<\/strong>\u00a0para la conservaci\u00f3n del orden. La detenci\u00f3n no podr\u00e1 exceder de diez d\u00edas y habr\u00e1 de ser comunicada al juez competente en el plazo de veinticuatro horas.<\/p>\n<p>-Podr\u00e1\u00a0<strong>disponer inspecciones y registros domiciliarios<\/strong>\u00a0si lo considera necesario para el esclarecimiento de los hechos presuntamente delictivos o para el mantenimiento del orden p\u00fablico.<\/p>\n<p>-Podr\u00e1\u00a0<strong>intervenir toda clase de comunicaciones<\/strong>, incluidas las postales, telegr\u00e1ficas y telef\u00f3nicas.<\/p>\n<p>-La autoridad gubernativa podr\u00e1\u00a0<strong>intervenir y controlar toda clase de transportes<\/strong>\u00a0y la carga de los mismos.<\/p>\n<p>-Podr\u00e1\u00a0<strong>prohibir la circulaci\u00f3n de personas y veh\u00edculos<\/strong>\u00a0en las horas y lugares que se determine y exigir a quienes se desplacen de un lugar a otro que acrediten su identidad, se\u00f1al\u00e1ndoles el itinerario a seguir.<\/p>\n<p>-Podr\u00e1\u00a0<strong>suspender todo tipo de publicaciones, emisiones de radio y televisi\u00f3n<\/strong>, proyecciones cinematogr\u00e1ficas y representaciones teatrales. Igualmente podr\u00e1 ordenar el secuestro de publicaciones.<\/p>\n<p>-Podr\u00e1 someter a\u00a0<strong>autorizaci\u00f3n previa o prohibir la celebraci\u00f3n de reuniones<\/strong>\u00a0y manifestaciones.<\/p>\n<p>-Podr\u00e1\u00a0<strong>proceder a la incautaci\u00f3n de toda clase de armas<\/strong>, municiones o sustancias explosivas.<\/p>\n<p>-Podr\u00e1 ordenar la\u00a0<strong>intervenci\u00f3n de industrias o comercios<\/strong>\u00a0que puedan motivar la alteraci\u00f3n del orden p\u00fablico o coadyuvar a ella, y la suspensi\u00f3n temporal de las actividades de los mismos. Podr\u00e1 ordenar el cierre provisional de salas de espect\u00e1culos, establecimientos de bebidas y locales de similares caracter\u00edsticas.<\/p>\n<p>-Podr\u00e1 ordenar las medidas necesarias de\u00a0<strong>vigilancia y protecci\u00f3n de edificaciones, instalaciones<\/strong>, obras, servicios p\u00fablicos e industrias o explotaciones de cualquier g\u00e9nero.<\/p>\n<p>&nbsp;<\/p>\n<p>Esperamos, como siempre, que esta informaci\u00f3n os haya sido de ayuda. De igual modo, os recordamos que de manera temporal pod\u00e9is contactar con nosotros v\u00eda telef\u00f3nica o por email y que si quer\u00e9is estar informados de toda la actualidad en nuestro \u00e1mbito profesional pod\u00e9is seguirnos en nuestras redes sociales.<\/p>\n<p>Marisa Zafra<\/p>\n<p>&nbsp;<\/p>\n<p>#AbogadosDeLaChica<\/p>\n","protected":false},"excerpt":{"rendered":"<p>Como ya sabemos, el pasado d\u00eda 14 de marzo se aprob\u00f3 el Real Decreto 463\/2020, por el que se declara el estado de alarma para la gesti\u00f3n de la situaci\u00f3n de crisis sanitaria ocasionada por el COVID-19.\u00a0 Todo esto se llev\u00f3 a cabo con el fin de que la sociedad cumpliera en la medida de [&hellip;]<\/p>\n","protected":false},"author":2,"featured_media":143,"comment_status":"open","ping_status":"open","sticky":false,"template":"","format":"standard","meta":{"footnotes":""},"categories":[1],"tags":[2,25,60,62,58,64,20],"class_list":["post-139","post","type-post","status-publish","format-standard","has-post-thumbnail","hentry","category-sin-categoria","tag-abogados","tag-abogados-de-la-chica","tag-coronavirus","tag-covid-19","tag-estado-de-alarma","tag-estado-de-excepcion","tag-jaen"],"_links":{"self":[{"href":"https:\/\/www.abogadosdelachica.com\/blog\/wp-json\/wp\/v2\/posts\/139","targetHints":{"allow":["GET"]}}],"collection":[{"href":"https:\/\/www.abogadosdelachica.com\/blog\/wp-json\/wp\/v2\/posts"}],"about":[{"href":"https:\/\/www.abogadosdelachica.com\/blog\/wp-json\/wp\/v2\/types\/post"}],"author":[{"embeddable":true,"href":"https:\/\/www.abogadosdelachica.com\/blog\/wp-json\/wp\/v2\/users\/2"}],"replies":[{"embeddable":true,"href":"https:\/\/www.abogadosdelachica.com\/blog\/wp-json\/wp\/v2\/comments?post=139"}],"version-history":[{"count":3,"href":"https:\/\/www.abogadosdelachica.com\/blog\/wp-json\/wp\/v2\/posts\/139\/revisions"}],"predecessor-version":[{"id":142,"href":"https:\/\/www.abogadosdelachica.com\/blog\/wp-json\/wp\/v2\/posts\/139\/revisions\/142"}],"wp:featuredmedia":[{"embeddable":true,"href":"https:\/\/www.abogadosdelachica.com\/blog\/wp-json\/wp\/v2\/media\/143"}],"wp:attachment":[{"href":"https:\/\/www.abogadosdelachica.com\/blog\/wp-json\/wp\/v2\/media?parent=139"}],"wp:term":[{"taxonomy":"category","embeddable":true,"href":"https:\/\/www.abogadosdelachica.com\/blog\/wp-json\/wp\/v2\/categories?post=139"},{"taxonomy":"post_tag","embeddable":true,"href":"https:\/\/www.abogadosdelachica.com\/blog\/wp-json\/wp\/v2\/tags?post=139"}],"curies":[{"name":"wp","href":"https:\/\/api.w.org\/{rel}","templated":true}]}}