{"id":163,"date":"2020-05-05T09:34:30","date_gmt":"2020-05-05T09:34:30","guid":{"rendered":"http:\/\/www.abogadosdelachica.com\/blog\/?p=163"},"modified":"2020-05-05T09:34:30","modified_gmt":"2020-05-05T09:34:30","slug":"criterios-a-tener-en-cuenta-sobre-patinetes-y-bicicletas","status":"publish","type":"post","link":"https:\/\/www.abogadosdelachica.com\/blog\/criterios-a-tener-en-cuenta-sobre-patinetes-y-bicicletas\/","title":{"rendered":"Criterios a tener en cuenta sobre patinetes y bicicletas"},"content":{"rendered":"<p>En la actualidad, es muy frecuente encontrar por las aceras unos veh\u00edculos de movilidad personal, <strong>patinetes propulsados por motores el\u00e9ctricos y bicicletas de pedaleo asistido<\/strong>, lo que puede ocasionar accidentes\u00a0 que pueden ser graves, especialmente para personas mayores, por lo es aconsejable que estemos informados sobre las consecuencias de ello, es decir, circular por el acerado.<!--more--><\/p>\n<p>1).- La Direcci\u00f3n General de Tr\u00e1fico, Ministerio del\u00a0 Interior,\u00a0 en Instrucci\u00f3n 2019\/S-149 TV-108,\u00a0 se\u00f1ala que una parte del r\u00e9gimen jur\u00eddico aplicable a estos veh\u00edculos, a\u00fan no se ha actualizado,\u00a0 pero que ello no obsta para fijar criterios sobre la normativa de tr\u00e1fico \u00a0vigente, a la vista de la incidencia negativa que se est\u00e1 produciendo en la seguridad vial, especialmente cuando afecta a usuarios vulnerables de la v\u00eda y, en particular, a los peatones.<\/p>\n<p>2).- La <strong>Polic\u00eda Local de Ja\u00e9n ha facilitado informaci\u00f3n a los ciudadanos<\/strong> para que se tenga en cuenta y en evitaci\u00f3n de las consiguientes multas y responsabilidades en que pudieran incurrir:<\/p>\n<p><strong>a) Diferencia entre juguete y VMP<\/strong> (Veh\u00edculos de movilidad personal). Como norma general, los artilugios que no sobrepasen la velocidad de 6 km\/h tienen la consideraci\u00f3n de juguetes y pueden ir por las aceras, nunca por la calzada.<\/p>\n<p><strong>b) VMP (veh\u00edculo de movilidad personal)<\/strong>, veh\u00edculo de una sola plaza y propulsado por motores el\u00e9ctricos que pueden alcanzar una velocidad de entre los 6 y los 25 km\/h. No pueden ir por las aceras ni zonas peatonales; no pueden transportar m\u00e1s de una persona, no puede utilizar durante la conducci\u00f3n m\u00f3vil ni auriculares y de noche es obligatorio el uso de alumbrado y prendas reflectantes.<\/p>\n<p>Como dice la Sentencia n\u00famero 44-2020, de la Audiencia Provincial de C\u00e1ceres, Secci\u00f3n segunda, de fecha siete de febrero de dos mil veinte, por tanto muy reciente, \u201cNo todos los \u2018patinetes el\u00e9ctricos\u2019 entran en la categor\u00eda de Veh\u00edculo de Movilidad Personal (VMP) y, de hecho, en la reforma del Reglamento General de Veh\u00edculos actualmente en tr\u00e1mite, prev\u00e9 definir Veh\u00edculo de Movilidad Personal como \u201cveh\u00edculo de una o m\u00e1s ruedas dotado de una \u00fanica plaza y propulsado exclusivamente por motores el\u00e9ctricos que pueden proporcionar al veh\u00edculo una velocidad m\u00e1xima por dise\u00f1o comprendida entre 6 y 25 km\/h, veh\u00edculos que estar\u00edan comprendidos en la categor\u00eda L1e-A \u201cciclos de motor\u201d. Estos veh\u00edculos son los que quedan sometidos, en cuanto a su r\u00e9gimen de utilizaci\u00f3n, a lo dispuesto en las respectivas ordenanzas municipales&#8230;<\/p>\n<p><strong>c) Los conductores de VMP o veh\u00edculos similares est\u00e1n obligados a someterse a las pruebas<\/strong> de detecci\u00f3n de tasas de<strong> alcohol y de presencia de drogas.<\/strong><\/p>\n<p><strong>d) Infracciones cometidas por menores de edad<\/strong>. Cuando la autor\u00eda de los hechos cometidos corresponda a un menor de dieciocho a\u00f1os, responder\u00e1n solidariamente con \u00e9l de la multa impuesta sus padres, tutores, acogedores y guardadores legales o de hecho, por este orden.<\/p>\n<p>e) La Polic\u00eda Local tambi\u00e9n recomienda tener en cuenta que <strong>si se va a comprar un VMP, que quedan excluidos de esta consideraci\u00f3n, los patinetes CON asiento, ciclo de motor, ciclomotores de dos ruedas\u2026<\/strong> Estos veh\u00edculos requieren autorizaci\u00f3n administrativa para conducir, circular y tener una p\u00f3liza de seguro, adem\u00e1s del uso del casco.<\/p>\n<p><em>Romualdo de la Chica<\/em><\/p>\n","protected":false},"excerpt":{"rendered":"<p>En la actualidad, es muy frecuente encontrar por las aceras unos veh\u00edculos de movilidad personal, patinetes propulsados por motores el\u00e9ctricos y bicicletas de pedaleo asistido, lo que puede ocasionar accidentes\u00a0 que pueden ser graves, especialmente para personas mayores, por lo es aconsejable que estemos informados sobre las consecuencias de ello, es decir, circular por el [&hellip;]<\/p>\n","protected":false},"author":2,"featured_media":165,"comment_status":"open","ping_status":"open","sticky":false,"template":"","format":"standard","meta":{"footnotes":""},"categories":[1],"tags":[25,67,68],"class_list":["post-163","post","type-post","status-publish","format-standard","has-post-thumbnail","hentry","category-sin-categoria","tag-abogados-de-la-chica","tag-jaen-abogados","tag-patinetes"],"_links":{"self":[{"href":"https:\/\/www.abogadosdelachica.com\/blog\/wp-json\/wp\/v2\/posts\/163","targetHints":{"allow":["GET"]}}],"collection":[{"href":"https:\/\/www.abogadosdelachica.com\/blog\/wp-json\/wp\/v2\/posts"}],"about":[{"href":"https:\/\/www.abogadosdelachica.com\/blog\/wp-json\/wp\/v2\/types\/post"}],"author":[{"embeddable":true,"href":"https:\/\/www.abogadosdelachica.com\/blog\/wp-json\/wp\/v2\/users\/2"}],"replies":[{"embeddable":true,"href":"https:\/\/www.abogadosdelachica.com\/blog\/wp-json\/wp\/v2\/comments?post=163"}],"version-history":[{"count":1,"href":"https:\/\/www.abogadosdelachica.com\/blog\/wp-json\/wp\/v2\/posts\/163\/revisions"}],"predecessor-version":[{"id":164,"href":"https:\/\/www.abogadosdelachica.com\/blog\/wp-json\/wp\/v2\/posts\/163\/revisions\/164"}],"wp:featuredmedia":[{"embeddable":true,"href":"https:\/\/www.abogadosdelachica.com\/blog\/wp-json\/wp\/v2\/media\/165"}],"wp:attachment":[{"href":"https:\/\/www.abogadosdelachica.com\/blog\/wp-json\/wp\/v2\/media?parent=163"}],"wp:term":[{"taxonomy":"category","embeddable":true,"href":"https:\/\/www.abogadosdelachica.com\/blog\/wp-json\/wp\/v2\/categories?post=163"},{"taxonomy":"post_tag","embeddable":true,"href":"https:\/\/www.abogadosdelachica.com\/blog\/wp-json\/wp\/v2\/tags?post=163"}],"curies":[{"name":"wp","href":"https:\/\/api.w.org\/{rel}","templated":true}]}}