{"id":198,"date":"2021-04-06T10:17:31","date_gmt":"2021-04-06T10:17:31","guid":{"rendered":"http:\/\/www.abogadosdelachica.com\/blog\/?p=198"},"modified":"2021-04-06T10:20:37","modified_gmt":"2021-04-06T10:20:37","slug":"por-que-contratar-un-administrador-de-fincas","status":"publish","type":"post","link":"https:\/\/www.abogadosdelachica.com\/blog\/por-que-contratar-un-administrador-de-fincas\/","title":{"rendered":"\u00bfPor qu\u00e9 contratar un Administrador de Fincas?"},"content":{"rendered":"<p>Normalmente, la mayor\u00eda de las personas habitamos viviendas que forman parte de una Comunidad de Propietarios o tenemos alguna vivienda en este r\u00e9gimen. Obviamente es una gran tranquilidad formar parte de ella, pero \u00bfqu\u00e9 pasa cuando nos toca ser presidente? \u00bfO tenemos un vecino impertinente? \u00bfO un presidente incompetente..? Desde <strong>Abogados de la Chica<\/strong>\u00a0pretendemos explicaros, a trav\u00e9s de ese art\u00edculo, las razones fundamentales por las que todos nuestros quebraderos de cabeza respecto a la comunidad de vecinos desaparecer\u00e1n con la simple acci\u00f3n de contratar un <strong><u>ADMINISTRADOR DE FINCAS.<\/u><\/strong><!--more--><\/p>\n<p>El motivo principal es, sin lugar a duda, que se ha demostrado que contratar un administrador de fincas para la gesti\u00f3n de una comunidad de vecinos es sin\u00f3nimo de ahorro, buena gesti\u00f3n y funcionamiento, as\u00ed como una <u>gran tranquilidad<\/u> para los problemas que surgen en el d\u00eda a d\u00eda en la comunidad.<\/p>\n<p>Con esto ya ser\u00eda m\u00e1s que suficiente para plantearnos hacerlo\u2026.<strong>porque la seguridad, comodidad y tranquilidad no tiene precio,<\/strong> pero os vamos a desglosar algunos otros razonamientos de peso.<\/p>\n<ul>\n<li><strong><em>Asesoramiento:<\/em><\/strong> Los administradores de Fincas cuentan con formaci\u00f3n legal y especializaci\u00f3n en el tema, lo que hace que puedan asesorarnos r\u00e1pidamente sin necesidad de acudir a un tercero, en estos casos la experiencia cuenta. Son capaces de detectar cuando las cosas no se est\u00e1n haciendo conforme a las diferentes normativas, con lo cual se pueden evitar multas y sanciones por incumplimiento. Algunas multas suelen ser muy grandes as\u00ed que m\u00e1s vale no jug\u00e1rsela.<\/li>\n<li><strong><em>Punto de vista objetivo:<\/em><\/strong> Este punto es primordial a la hora del buen funcionamiento de la Comunidad, ya que la figura del Administrador no es parte implicada y siempre ser\u00e1 imparcial ante cualquier acontecimiento.<\/li>\n<li><strong><em>Profesionalidad:<\/em> <\/strong>Este aspecto lo incluir\u00edamos en los m\u00e1s importantes, ya que la mayor\u00eda de las veces se nos hace cuesta arriba lidiar ante las administraciones p\u00fablicas, por lo que tener un profesional para la tramitaci\u00f3n es fundamental.<\/li>\n<li><em><strong>Gesti\u00f3n econ\u00f3mica<\/strong>:<\/em> Su experiencia como gestor econ\u00f3mico puede permitir pagar menos por lo mismo o sugerir inversiones adicionales y acciones de \u00e9xito que puedan llevarse a cabo, aparte de que, al gestionar el dinero, evitamos desconfianzas entre vecinos, malas gestiones, etc.<\/li>\n<li><em><strong>Mediaci\u00f3n:<\/strong>\u00a0<\/em>El administrador puede mediar entre conflictos internos vecinales, lo que hace que en algunas ocasiones la convivencia entre vecinos no se vea alterada.<\/li>\n<\/ul>\n<p>En resumen, podr\u00edamos decir que en la actualidad es muy importante tener contratado un profesional de estas caracter\u00edsticas y anticiparnos a las adversidades de convivir bajo una comunidad vecinal, ya os hemos indicado los motivos esenciales para hacerlo, aunque hay muchos m\u00e1s.<\/p>\n<p>En Abogados de la Chica cumplimos con todas las puntualidades para hacernos cargo de tu comunidad, pero adem\u00e1s como ya sabes somos un <u>despacho multidisciplinar<\/u>\u00a0, por lo que te podemos dar algunos otros servicios a los que un administrador convencional no puede llegar, como la defensa ante reclamaciones de terceros, reclamaciones judiciales\u2026. As\u00ed pues, os invitamos a que solicit\u00e9is presupuesto sin compromiso y ve\u00e1is todos nuestros servicios en nuestra web.<\/p>\n<p>&nbsp;<\/p>\n<p>&nbsp;<\/p>\n<p>Marisa Zafra<\/p>\n<p>&nbsp;<\/p>\n","protected":false},"excerpt":{"rendered":"<p>Normalmente, la mayor\u00eda de las personas habitamos viviendas que forman parte de una Comunidad de Propietarios o tenemos alguna vivienda en este r\u00e9gimen. Obviamente es una gran tranquilidad formar parte de ella, pero \u00bfqu\u00e9 pasa cuando nos toca ser presidente? \u00bfO tenemos un vecino impertinente? \u00bfO un presidente incompetente..? Desde Abogados de la Chica\u00a0pretendemos explicaros, [&hellip;]<\/p>\n","protected":false},"author":2,"featured_media":203,"comment_status":"open","ping_status":"open","sticky":false,"template":"","format":"standard","meta":{"footnotes":""},"categories":[1],"tags":[2,25,82,83,20],"class_list":["post-198","post","type-post","status-publish","format-standard","has-post-thumbnail","hentry","category-sin-categoria","tag-abogados","tag-abogados-de-la-chica","tag-administrador-de-fincas","tag-comunidad-de-vecinos","tag-jaen"],"_links":{"self":[{"href":"https:\/\/www.abogadosdelachica.com\/blog\/wp-json\/wp\/v2\/posts\/198","targetHints":{"allow":["GET"]}}],"collection":[{"href":"https:\/\/www.abogadosdelachica.com\/blog\/wp-json\/wp\/v2\/posts"}],"about":[{"href":"https:\/\/www.abogadosdelachica.com\/blog\/wp-json\/wp\/v2\/types\/post"}],"author":[{"embeddable":true,"href":"https:\/\/www.abogadosdelachica.com\/blog\/wp-json\/wp\/v2\/users\/2"}],"replies":[{"embeddable":true,"href":"https:\/\/www.abogadosdelachica.com\/blog\/wp-json\/wp\/v2\/comments?post=198"}],"version-history":[{"count":2,"href":"https:\/\/www.abogadosdelachica.com\/blog\/wp-json\/wp\/v2\/posts\/198\/revisions"}],"predecessor-version":[{"id":200,"href":"https:\/\/www.abogadosdelachica.com\/blog\/wp-json\/wp\/v2\/posts\/198\/revisions\/200"}],"wp:featuredmedia":[{"embeddable":true,"href":"https:\/\/www.abogadosdelachica.com\/blog\/wp-json\/wp\/v2\/media\/203"}],"wp:attachment":[{"href":"https:\/\/www.abogadosdelachica.com\/blog\/wp-json\/wp\/v2\/media?parent=198"}],"wp:term":[{"taxonomy":"category","embeddable":true,"href":"https:\/\/www.abogadosdelachica.com\/blog\/wp-json\/wp\/v2\/categories?post=198"},{"taxonomy":"post_tag","embeddable":true,"href":"https:\/\/www.abogadosdelachica.com\/blog\/wp-json\/wp\/v2\/tags?post=198"}],"curies":[{"name":"wp","href":"https:\/\/api.w.org\/{rel}","templated":true}]}}