{"id":210,"date":"2021-04-30T10:20:32","date_gmt":"2021-04-30T10:20:32","guid":{"rendered":"http:\/\/www.abogadosdelachica.com\/blog\/?p=210"},"modified":"2021-04-30T14:14:03","modified_gmt":"2021-04-30T14:14:03","slug":"cubre-la-poliza-de-mi-negocio-la-indemnizacion-por-cese-de-actividad","status":"publish","type":"post","link":"https:\/\/www.abogadosdelachica.com\/blog\/cubre-la-poliza-de-mi-negocio-la-indemnizacion-por-cese-de-actividad\/","title":{"rendered":"\u00bfCubre la p\u00f3liza de mi negocio la indemnizaci\u00f3n por cese de actividad?"},"content":{"rendered":"<p>La reciente sentencia 59\/2021, Secci\u00f3n Primera, dictada el 3 de febrero por la Audiencia Provincial de Gerona ha generado gran pol\u00e9mica al respecto, al conceder al due\u00f1o de un establecimiento hostelero una <strong>indemnizaci\u00f3n por la p\u00e9rdida de beneficios<\/strong> sufrida durante la pandemia por el cierre impuesto por la declaraci\u00f3n de estado de alarma por el Gobierno, condenando a la compa\u00f1\u00eda que aseguraba el negocio a indemnizarlo en 6.000 \u20ac.<!--more--><\/p>\n<p>Esta sentencia, pionera y hasta el momento \u00fanica que plantea esta situaci\u00f3n durante la pandemia, sostiene que la cl\u00e1usula que en las condiciones generales de la p\u00f3liza excluye la cobertura de la paralizaci\u00f3n por resoluci\u00f3n gubernativa tiene la consideraci\u00f3n de limitativa y por tanto se ha de tener por no puesta, al estar sometida al r\u00e9gimen del art\u00edculo 3 de la Ley de Contrato de Seguro, es decir, que para que sea v\u00e1lida debe estar firmada y aceptada por el asegurado, no est\u00e1ndolo en este caso.<\/p>\n<p>\u00bfQuiere esto decir que se ha abierto la <strong>posibilidad de reclamar a las aseguradoras<\/strong> cuando exista esta cobertura en la p\u00f3liza? A nuestro juicio, no necesariamente. Nos explicamos.<\/p>\n<p>Lo primero que debemos hacer es analizar la p\u00f3liza, pues cada aseguradora tiene distintas coberturas y redacciones, incluso dependiendo de la actividad y la prima que se pague en cada caso. Lo m\u00e1s importante es, por lo tanto, acudir al propio texto de la p\u00f3liza, pues puede ser diametralmente opuesto al caso de la sentencia analizada.<\/p>\n<p>Adem\u00e1s, la Audiencia de Gerona\u00a0 reconoce que no entra a valorar una cuesti\u00f3n fundamental porque la aseguradora no lo aleg\u00f3: que las coberturas por lucro cesante o p\u00e9rdida de beneficios, en casos como el analizado, necesariamente han de estar sujetos a la existencia de un da\u00f1o material previo. Justamente este es el principal motivo de reh\u00fase de las compa\u00f1\u00edas en estas situaciones, y no es balad\u00ed esta cuesti\u00f3n porque, como decimos, ha quedado imprejuzgada esta cuesti\u00f3n porque no fue sometida a la consideraci\u00f3n de la Audiencia.<\/p>\n<p>Quiere ello decir que para que la <strong>interrupci\u00f3n de negocio por una decisi\u00f3n de la autoridad est\u00e9 cubierta<\/strong>, tendr\u00eda que haberse contemplado su cl\u00e1usula de cobertura en el propio condicionado de la p\u00f3liza, que solo lo prev\u00e9 cuando dicha interrupci\u00f3n sea consecuencia de un da\u00f1o material previo. Con un ejemplo lo veremos m\u00e1s claro: si, por ejemplo, se produce el cierre del negocio por un incendio, al ser este un hecho cubierto, la paralizaci\u00f3n tambi\u00e9n lo estar\u00eda; por el contrario, el cierre por una decisi\u00f3n gubernamental en s\u00ed mismo no estar\u00eda cubierto. Esta cl\u00e1usula, adem\u00e1s, en principio, podr\u00eda no ser considerada como limitativa sino definitoria, por lo que no se tendr\u00eda por no puesta.<\/p>\n<p>En definitiva, entiendo que la sentencia objeto de estudio no resuelve lo verdaderamente importante, y por tanto tendr\u00e1n que ser sentencias venideras las que confirmen si existe o no cobertura por p\u00e9rdida de beneficios en las p\u00f3lizas suscritas por los asegurados.<\/p>\n<p>Si necesitas m\u00e1s informaci\u00f3n o quieres aclarar alguna duda, no dudes en contactar con nosotros.<\/p>\n<p>&nbsp;<\/p>\n<p>Fernando de la Chica<\/p>\n","protected":false},"excerpt":{"rendered":"<p>La reciente sentencia 59\/2021, Secci\u00f3n Primera, dictada el 3 de febrero por la Audiencia Provincial de Gerona ha generado gran pol\u00e9mica al respecto, al conceder al due\u00f1o de un establecimiento hostelero una indemnizaci\u00f3n por la p\u00e9rdida de beneficios sufrida durante la pandemia por el cierre impuesto por la declaraci\u00f3n de estado de alarma por el [&hellip;]<\/p>\n","protected":false},"author":2,"featured_media":209,"comment_status":"open","ping_status":"open","sticky":false,"template":"","format":"standard","meta":{"footnotes":""},"categories":[1],"tags":[25,16,60,62,3,58,24],"class_list":["post-210","post","type-post","status-publish","format-standard","has-post-thumbnail","hentry","category-sin-categoria","tag-abogados-de-la-chica","tag-aseguradora","tag-coronavirus","tag-covid-19","tag-despacho-de-abogados","tag-estado-de-alarma","tag-indemnizacion"],"_links":{"self":[{"href":"https:\/\/www.abogadosdelachica.com\/blog\/wp-json\/wp\/v2\/posts\/210","targetHints":{"allow":["GET"]}}],"collection":[{"href":"https:\/\/www.abogadosdelachica.com\/blog\/wp-json\/wp\/v2\/posts"}],"about":[{"href":"https:\/\/www.abogadosdelachica.com\/blog\/wp-json\/wp\/v2\/types\/post"}],"author":[{"embeddable":true,"href":"https:\/\/www.abogadosdelachica.com\/blog\/wp-json\/wp\/v2\/users\/2"}],"replies":[{"embeddable":true,"href":"https:\/\/www.abogadosdelachica.com\/blog\/wp-json\/wp\/v2\/comments?post=210"}],"version-history":[{"count":6,"href":"https:\/\/www.abogadosdelachica.com\/blog\/wp-json\/wp\/v2\/posts\/210\/revisions"}],"predecessor-version":[{"id":216,"href":"https:\/\/www.abogadosdelachica.com\/blog\/wp-json\/wp\/v2\/posts\/210\/revisions\/216"}],"wp:featuredmedia":[{"embeddable":true,"href":"https:\/\/www.abogadosdelachica.com\/blog\/wp-json\/wp\/v2\/media\/209"}],"wp:attachment":[{"href":"https:\/\/www.abogadosdelachica.com\/blog\/wp-json\/wp\/v2\/media?parent=210"}],"wp:term":[{"taxonomy":"category","embeddable":true,"href":"https:\/\/www.abogadosdelachica.com\/blog\/wp-json\/wp\/v2\/categories?post=210"},{"taxonomy":"post_tag","embeddable":true,"href":"https:\/\/www.abogadosdelachica.com\/blog\/wp-json\/wp\/v2\/tags?post=210"}],"curies":[{"name":"wp","href":"https:\/\/api.w.org\/{rel}","templated":true}]}}