{"id":73,"date":"2019-04-15T10:46:15","date_gmt":"2019-04-15T10:46:15","guid":{"rendered":"http:\/\/www.abogadosdelachica.com\/blog\/?p=73"},"modified":"2019-04-15T10:46:15","modified_gmt":"2019-04-15T10:46:15","slug":"intersecciones-cruces-de-dudas","status":"publish","type":"post","link":"https:\/\/www.abogadosdelachica.com\/blog\/intersecciones-cruces-de-dudas\/","title":{"rendered":"Intersecciones (cruces de dudas)"},"content":{"rendered":"<p>Son m\u00faltiples y variados los tipos de intersecciones que podemos encontrarnos mientras circulamos con nuestro veh\u00edculo, y no siempre queda claro qui\u00e9n tiene preferencia de paso sobre las mismas, por lo que nunca viene mal hacer un repaso sobre esta cuesti\u00f3n para intentar agilizar ese lapsus mental en el que nos asaltan dudas como: <strong><em>\u00bfDebo ceder yo el paso o tienen que dejarme pasar?<\/em><\/strong><!--more--><\/p>\n<p>Este art\u00edculo intentar\u00e1 clarificar tal cuesti\u00f3n, haciendo un <strong>repaso escueto de la tipolog\u00eda de intersecciones<\/strong> existentes y su regulaci\u00f3n en la Ley y Reglamento de Circulaci\u00f3n.<\/p>\n<ol>\n<li><strong><u>Intersecciones se\u00f1alizadas<\/u><\/strong>. Aqu\u00ed no debe haber problema. Habr\u00e1 de atenderse siempre a la preferencia de paso que regule la se\u00f1al en cuesti\u00f3n, estableciendo el c\u00f3digo de circulaci\u00f3n la siguiente prelaci\u00f3n: agentes de tr\u00e1fico, sem\u00e1foros, se\u00f1ales verticales y, por \u00faltimo, se\u00f1ales horizontales.<\/li>\n<\/ol>\n<p>Respecto a las se\u00f1ales a tomar en consideraci\u00f3n, nos encontramos con:<\/p>\n<p><u>Se\u00f1al de intersecci\u00f3n con prioridad o se\u00f1al de calzada con prioridad<\/u>.- La prioridad de paso la tendr\u00e1n los veh\u00edculos que circulen por ella.<\/p>\n<p><u>Se\u00f1ales de \u201cceda el paso\u201d o \u201cstop<\/u>\u201d.- Si rigen nuestra v\u00eda, habremos de ceder nosotros el paso a los veh\u00edculos que transiten por la v\u00eda preferente, cualquiera que sea el lado por el que se aproximen, llegando a detener por completo la marcha si fuera preciso (en el caso de Stop, siempre).<\/p>\n<p><strong><u>2. Intersecciones sin se\u00f1alizar<\/u><\/strong>. Aqu\u00ed la cosa se complica.<\/p>\n<p>Como norma general, habr\u00e1 que ceder el paso a los veh\u00edculos que se aproximen por la <u>derecha<\/u>, pero como no pod\u00eda ser de otra manera, hay excepciones:<\/p>\n<ul>\n<li>Tendr\u00e1n preferencia de paso los veh\u00edculos que circulen por una v\u00eda pavimentada frente a los procedentes de otra sin pavimentar.<\/li>\n<li>Los veh\u00edculos que circulen por ra\u00edles tienen derecho de prioridad de paso sobre los dem\u00e1s usuarios.<\/li>\n<li>En las glorietas, los que se hallen dentro de la v\u00eda circular tendr\u00e1n preferencia de paso sobre los que pretendan acceder a aqu\u00e9llas.<\/li>\n<li>Los veh\u00edculos que circulen por una autopista o autov\u00eda tendr\u00e1n preferencia de paso sobre los que pretenden acceder a aqu\u00e9lla.<\/li>\n<\/ul>\n<p>En este punto, queremos hacer especial menci\u00f3n a una tipolog\u00eda de intersecciones, con nombre propio, y que resulta muy habitual en nuestros caminos y carreteras:<\/p>\n<p><strong><u>3. Intersecciones en forma de \u201cT\u201d.<\/u><\/strong><\/p>\n<p>La Jurisprudencia de las Audiencias Provinciales ha tenido que abordar este tipo de \u201ccruces\u201d, que son fuente de multitud de conflictos cuando en ellos se producen accidentes.<\/p>\n<p>Se trata de una excepci\u00f3n m\u00e1s a la gen\u00e9rica prioridad de paso a la derecha, no contemplada en el cuerpo normativo, y que por sus peculiaridades requiere de especial atenci\u00f3n:<\/p>\n<p>Como su nombre indica, se trata de un camino que confluye o termina en otro (\u201cT\u201d) y que da lugar a considerar a una de las v\u00edas como <u>principal<\/u> y a la otra como <u>secundaria<\/u>. Es decir, no se trata de dos v\u00edas de similar jerarqu\u00eda ni trascendencia en el desarrollo del tr\u00e1fico rodado, puesto que una de ellas, incluso faltando se\u00f1alizaci\u00f3n que determine la preferencia, va a desembocar en otra, lo cual la hace en cierto sentido subordinada a tales efectos.<\/p>\n<p>En estos casos, lo que no puede hacer el conductor de un veh\u00edculo, que en un \u00abcruce en T\u00bb sin se\u00f1alizar,\u00a0 se incorpora desde la perpendicular a otra calle de mayor anchura y tr\u00e1fico, es salir sin mirar, por m\u00e1s que pueda entender que tiene la preferencia seg\u00fan las normas administrativas, porque se trata de una maniobra de incorporaci\u00f3n a la circulaci\u00f3n que intercepta la trayectoria de los veh\u00edculos que contin\u00faan- de manera adecuada y previsible- su marcha, por lo que cabr\u00eda imputar, a quien as\u00ed lo haga, la omisi\u00f3n de las cautelas que le impone el art. 26 de la Ley de Seguridad Vial.<\/p>\n<p>A la vista de lo analizado, parece que la Jurisprudencia, en este tipo de cruces, no atiende verdaderamente al concepto legal de <em>\u00abintersecci\u00f3n\u00bb<\/em> por resultar dif\u00edcil su aplicaci\u00f3n. Si bien parece que existe un nudo de la red viaria en que los cruces se hacen a nivel, dista de estar claro que se trate de un verdadero <em>\u00abcruce\u00bb<\/em> o m\u00e1s bien de una <em>\u00abincorporaci\u00f3n\u00bb<\/em> a v\u00eda principal.<\/p>\n<p>La preferencia de paso no es una norma absoluta, y habr\u00e1 de ser valorada conforme a las circunstancias concurrentes en cada caso, para comprobar si deben o no primar las excepciones legalmente previstas.<\/p>\n<p>As\u00ed las cosas, cuando la aplicaci\u00f3n de la norma de lugar a un resultado absurdo, injusto y contrario a toda l\u00f3gica, ser\u00e1n los Juzgados los encargados de intentar \u201ccorregir\u201d esos supuestos en los que pudiera existir una cierta imprevisi\u00f3n de la autoridad encargada de la se\u00f1alizaci\u00f3n vial, de modo que se haga primar la interpretaci\u00f3n l\u00f3gica y generalizada de todos los conductores a la interpretaci\u00f3n literal y r\u00edgida de tan solo uno de ellos.<\/p>\n<p>En resumen, esperamos que este art\u00edculo haya servido para <em>ceder el paso<\/em> a la <em>prioridad<\/em> de clarificar este <em>cruce<\/em> de dudas.<\/p>\n<p>&nbsp;<\/p>\n<p>Paula Rico M\u00ednguez<\/p>\n","protected":false},"excerpt":{"rendered":"<p>Son m\u00faltiples y variados los tipos de intersecciones que podemos encontrarnos mientras circulamos con nuestro veh\u00edculo, y no siempre queda claro qui\u00e9n tiene preferencia de paso sobre las mismas, por lo que nunca viene mal hacer un repaso sobre esta cuesti\u00f3n para intentar agilizar ese lapsus mental en el que nos asaltan dudas como: \u00bfDebo [&hellip;]<\/p>\n","protected":false},"author":2,"featured_media":74,"comment_status":"open","ping_status":"open","sticky":false,"template":"","format":"standard","meta":{"footnotes":""},"categories":[1],"tags":[25,42,41,20,39],"class_list":["post-73","post","type-post","status-publish","format-standard","has-post-thumbnail","hentry","category-sin-categoria","tag-abogados-de-la-chica","tag-coches","tag-interseccion","tag-jaen","tag-trafico"],"_links":{"self":[{"href":"https:\/\/www.abogadosdelachica.com\/blog\/wp-json\/wp\/v2\/posts\/73","targetHints":{"allow":["GET"]}}],"collection":[{"href":"https:\/\/www.abogadosdelachica.com\/blog\/wp-json\/wp\/v2\/posts"}],"about":[{"href":"https:\/\/www.abogadosdelachica.com\/blog\/wp-json\/wp\/v2\/types\/post"}],"author":[{"embeddable":true,"href":"https:\/\/www.abogadosdelachica.com\/blog\/wp-json\/wp\/v2\/users\/2"}],"replies":[{"embeddable":true,"href":"https:\/\/www.abogadosdelachica.com\/blog\/wp-json\/wp\/v2\/comments?post=73"}],"version-history":[{"count":1,"href":"https:\/\/www.abogadosdelachica.com\/blog\/wp-json\/wp\/v2\/posts\/73\/revisions"}],"predecessor-version":[{"id":75,"href":"https:\/\/www.abogadosdelachica.com\/blog\/wp-json\/wp\/v2\/posts\/73\/revisions\/75"}],"wp:featuredmedia":[{"embeddable":true,"href":"https:\/\/www.abogadosdelachica.com\/blog\/wp-json\/wp\/v2\/media\/74"}],"wp:attachment":[{"href":"https:\/\/www.abogadosdelachica.com\/blog\/wp-json\/wp\/v2\/media?parent=73"}],"wp:term":[{"taxonomy":"category","embeddable":true,"href":"https:\/\/www.abogadosdelachica.com\/blog\/wp-json\/wp\/v2\/categories?post=73"},{"taxonomy":"post_tag","embeddable":true,"href":"https:\/\/www.abogadosdelachica.com\/blog\/wp-json\/wp\/v2\/tags?post=73"}],"curies":[{"name":"wp","href":"https:\/\/api.w.org\/{rel}","templated":true}]}}